{"id":285,"date":"2017-08-04T09:37:26","date_gmt":"2017-08-04T09:37:26","guid":{"rendered":"https:\/\/cs5arla.com\/site\/?p=285"},"modified":"2018-05-26T20:14:50","modified_gmt":"2018-05-26T20:14:50","slug":"5-o-ciclo-raid","status":"publish","type":"post","link":"https:\/\/www.cs5arla.pt\/site\/2017\/08\/04\/5-o-ciclo-raid\/","title":{"rendered":"5.\u00ba Ciclo-Raid"},"content":{"rendered":"<p style=\"text-align: left;\">A Associa\u00e7\u00e3o de Radioamadores do Litoral Alentejano convida-vos para o seu 5.\u00ba Ciclo-Raid, promovendo a reuni\u00e3o dos entusiastas pela &#8220;r\u00e1dio em pedais&#8221; e &#8220;postos transmissores&#8221; de outros tipos e feitios, no pr\u00f3ximo S\u00e1bado, dia 5 e Agosto de 2016.<\/p>\n<p style=\"text-align: left;\"><strong>Lagoa de Melides &gt; Sines<\/strong><\/p>\n<p style=\"text-align: left;\">in\u00edcio \u00e0s 10:30 locais (9:30\u00a0UTC).<\/p>\n<p style=\"text-align: left;\"><strong>As comunica\u00e7\u00f5es ser\u00e3o asseguradas atrav\u00e9s das esta\u00e7\u00f5es repetidoras<\/strong><br \/>\n<strong>CQ0VARB e CQ0UARB, ambas situadas na Serra da Arr\u00e1bida, e em D-STAR.<\/strong><\/p>\n<p style=\"text-align: left;\">Dados mas relevantes das repetidoras CQ0VARB e CQ0UARB:<\/p>\n<p style=\"text-align: left;\">Canal: RV59<br \/>\nIndicativo: CQ0VARB<br \/>\nFrequ\u00eancia de Emiss\u00e3o: 145,7375 MHz<br \/>\nFrequ\u00eancia de recep\u00e7\u00e3o: 145,1375 MHz<br \/>\nTom de Protec\u00e7\u00e3o: 74,4 Hz<br \/>\nDesigna\u00e7\u00e3o de Emiss\u00e3o: 11K0F3E (FM Estreito)<br \/>\nQuadr\u00edcula (QTH Locator): IM58ml<br \/>\nLocaliza\u00e7\u00e3o: Serra da Arr\u00e1bida, Set\u00fabal<\/p>\n<p style=\"text-align: left;\">Canal: RU752<br \/>\nIndicativo: CQ0UARB<br \/>\nFrequ\u00eancia de Emiss\u00e3o: 439,400 MHz<br \/>\nFrequ\u00eancia de recep\u00e7\u00e3o: 431,800 MHz<br \/>\nTom de Protec\u00e7\u00e3o: 74,4 Hz<br \/>\nDesigna\u00e7\u00e3o de Emiss\u00e3o: 11K0F3E (FM Estreito)<br \/>\nQuadr\u00edcula (QTH Locator): IM58ml<br \/>\nLocaliza\u00e7\u00e3o: Serra da Arr\u00e1bida, Set\u00fabal<\/p>\n<p style=\"text-align: left;\">Todos os contactos ser\u00e3o confirmados via e-qsl.<\/p>\n","protected":false},"excerpt":{"rendered":"<p>A Associa\u00e7\u00e3o de Radioamadores do Litoral Alentejano convida-vos para o seu 5.\u00ba Ciclo-Raid, promovendo a reuni\u00e3o dos entusiastas pela &#8220;r\u00e1dio em pedais&#8221; e &#8220;postos transmissores&#8221; de outros tipos e feitios, no pr\u00f3ximo S\u00e1bado, dia 5 e Agosto de 2016. Lagoa de Melides &gt; Sines in\u00edcio \u00e0s 10:30 locais (9:30\u00a0UTC). As &hellip;<\/p>\n","protected":false},"author":1,"featured_media":289,"comment_status":"closed","ping_status":"open","sticky":false,"template":"","format":"standard","meta":{"footnotes":""},"categories":[14],"tags":[],"class_list":["post-285","post","type-post","status-publish","format-standard","has-post-thumbnail","hentry","category-actividades"],"_links":{"self":[{"href":"https:\/\/www.cs5arla.pt\/site\/wp-json\/wp\/v2\/posts\/285","targetHints":{"allow":["GET"]}}],"collection":[{"href":"https:\/\/www.cs5arla.pt\/site\/wp-json\/wp\/v2\/posts"}],"about":[{"href":"https:\/\/www.cs5arla.pt\/site\/wp-json\/wp\/v2\/types\/post"}],"author":[{"embeddable":true,"href":"https:\/\/www.cs5arla.pt\/site\/wp-json\/wp\/v2\/users\/1"}],"replies":[{"embeddable":true,"href":"https:\/\/www.cs5arla.pt\/site\/wp-json\/wp\/v2\/comments?post=285"}],"version-history":[{"count":6,"href":"https:\/\/www.cs5arla.pt\/site\/wp-json\/wp\/v2\/posts\/285\/revisions"}],"predecessor-version":[{"id":435,"href":"https:\/\/www.cs5arla.pt\/site\/wp-json\/wp\/v2\/posts\/285\/revisions\/435"}],"wp:featuredmedia":[{"embeddable":true,"href":"https:\/\/www.cs5arla.pt\/site\/wp-json\/wp\/v2\/media\/289"}],"wp:attachment":[{"href":"https:\/\/www.cs5arla.pt\/site\/wp-json\/wp\/v2\/media?parent=285"}],"wp:term":[{"taxonomy":"category","embeddable":true,"href":"https:\/\/www.cs5arla.pt\/site\/wp-json\/wp\/v2\/categories?post=285"},{"taxonomy":"post_tag","embeddable":true,"href":"https:\/\/www.cs5arla.pt\/site\/wp-json\/wp\/v2\/tags?post=285"}],"curies":[{"name":"wp","href":"https:\/\/api.w.org\/{rel}","templated":true}]}}