{"id":504,"date":"2017-10-23T14:36:07","date_gmt":"2017-10-23T14:36:07","guid":{"rendered":"https:\/\/cs5arla.com\/site\/?p=504"},"modified":"2018-05-26T20:17:55","modified_gmt":"2018-05-26T20:17:55","slug":"7a-edicao-do-dia-da-amplitude-modulada","status":"publish","type":"post","link":"https:\/\/www.cs5arla.pt\/site\/2017\/10\/23\/7a-edicao-do-dia-da-amplitude-modulada\/","title":{"rendered":"7\u00aa Edi\u00e7\u00e3o do Dia da Amplitude Modulada"},"content":{"rendered":"<p>Prezado Colegas e Associados,<\/p>\n<p>De modo a contornar uma s\u00e9rie de constrangimentos pessoais e\u00a0profissionais, entretanto surgidos, informamos que a 7\u00aa Edi\u00e7\u00e3o do Dia\u00a0Nacional de Amplitude Modulada (AM) em Onda Curta e VHF, foi adiada de\u00a05 de Novembro, para o fim de semana de 11 e 12 de Novembro de 2017.<\/p>\n<p>O evento ter\u00e1 lugar ininterruptamente, entre as 09:00 horas do dia 11\u00a0de Novembro at\u00e9 \u00e0s 22:00 horas do dia 12 de Novembro (S\u00e1bado e\u00a0Domingo), pela Hora Legal de Portugal continental ou em Tempo\u00a0Universal Coordenado, abreviadamente UTC (do ingl\u00eas &#8211; Universal Time\u00a0Coordinated).<\/p>\n<p>Recordamos que na madrugada de 29 de Outubro de 2017 (Domingo), a Hora\u00a0Legal em Portugal continental e nas Regi\u00f5es Aut\u00f3nomas da Madeira e\u00a0A\u00e7ores, muda do regime de Ver\u00e3o para o regime de Inverno.<\/p>\n<p>\u2013 Em Portugal continental e na Regi\u00e3o Aut\u00f3noma da Madeira, \u00e0s 2:00\u00a0horas da manh\u00e3 atrasamos o rel\u00f3gio de 60 minutos, passando para a 1:00\u00a0hora da manh\u00e3.<\/p>\n<p>\u2013 Na Regi\u00e3o Aut\u00f3noma dos A\u00e7ores a mudan\u00e7a ser\u00e1 feita \u00e0 1:00 hora da\u00a0madrugada de Domingo, dia 29 de Outubro, passando para a meia-noite\u00a0(00:00), do mesmo dia.<\/p>\n<p>As frequ\u00eancias a utilizar em HF ser\u00e3o todas as frequ\u00eancias de amador,\u00a0indicadas como &#8221; ALL MODE &#8221; e recomendadas pela IARU Regi\u00e3o 1 nas\u00a0bandas de amador.<\/p>\n<p>Em VHF a Esta\u00e7\u00e3o Oficial da ARLA &#8211; CS5ARLA &#8211; ir\u00e1 operar \u00fanica e\u00a0exclusivamente em 144,550 MHz &#8211; AM, porque esta \u00e9 a \u00fanica frequ\u00eancia\u00a0adequada \u00e0 opera\u00e7\u00e3o de Amplitude Modulada em 2m e principalmente,\u00a0porque, o equipamento especial que vai ser utilizado \u00e9 &#8221; Vintage &#8221; o\u00a0que significa algo cl\u00e1ssico, antigo, mas que possui excelentes\u00a0qualidades radioelectricas, como se espera vir a demonstrar e ainda \u00e9,<br \/>\na &#8220;puro&#8221; Cristal de quartzo.<\/p>\n<p>N\u00e3o haver\u00e1 lugar a Diplomas ou Pontua\u00e7\u00f5es.<\/p>\n<p>Os contactos ser\u00e3o livres, e demorar\u00e3o o tempo que for necess\u00e1rio\u00a0pelos participantes, e os temas das conversas podem ser qualquer.<\/p>\n<p>Desta forma, pretende-se voltar a estimular o sentido de QSO e n\u00e3o de\u00a0um simples diploma ou concurso.<\/p>\n<p>Este ano procura-se com o evento o s\u00e3o convivo via r\u00e1dio dos\u00a0operadores amadores, ao mesmo tempo que se presta uma sentida\u00a0homenagem aos amadores que outrora desenvolveram o radioamadorismo e\u00a0que muitos deles, infelizmente, j\u00e1 n\u00e3o est\u00e3o entre n\u00f3s.<\/p>\n<p>Cumprimentos: \u00a0Carlos Mourato<br \/>\nSines &#8211; Portugal<\/p>\n","protected":false},"excerpt":{"rendered":"<p>Prezado Colegas e Associados, De modo a contornar uma s\u00e9rie de constrangimentos pessoais e\u00a0profissionais, entretanto surgidos, informamos que a 7\u00aa Edi\u00e7\u00e3o do Dia\u00a0Nacional de Amplitude Modulada (AM) em Onda Curta e VHF, foi adiada de\u00a05 de Novembro, para o fim de semana de 11 e 12 de Novembro de 2017. &hellip;<\/p>\n","protected":false},"author":1,"featured_media":508,"comment_status":"closed","ping_status":"open","sticky":false,"template":"","format":"standard","meta":{"footnotes":""},"categories":[1],"tags":[],"class_list":["post-504","post","type-post","status-publish","format-standard","has-post-thumbnail","hentry","category-geral"],"_links":{"self":[{"href":"https:\/\/www.cs5arla.pt\/site\/wp-json\/wp\/v2\/posts\/504","targetHints":{"allow":["GET"]}}],"collection":[{"href":"https:\/\/www.cs5arla.pt\/site\/wp-json\/wp\/v2\/posts"}],"about":[{"href":"https:\/\/www.cs5arla.pt\/site\/wp-json\/wp\/v2\/types\/post"}],"author":[{"embeddable":true,"href":"https:\/\/www.cs5arla.pt\/site\/wp-json\/wp\/v2\/users\/1"}],"replies":[{"embeddable":true,"href":"https:\/\/www.cs5arla.pt\/site\/wp-json\/wp\/v2\/comments?post=504"}],"version-history":[{"count":1,"href":"https:\/\/www.cs5arla.pt\/site\/wp-json\/wp\/v2\/posts\/504\/revisions"}],"predecessor-version":[{"id":505,"href":"https:\/\/www.cs5arla.pt\/site\/wp-json\/wp\/v2\/posts\/504\/revisions\/505"}],"wp:featuredmedia":[{"embeddable":true,"href":"https:\/\/www.cs5arla.pt\/site\/wp-json\/wp\/v2\/media\/508"}],"wp:attachment":[{"href":"https:\/\/www.cs5arla.pt\/site\/wp-json\/wp\/v2\/media?parent=504"}],"wp:term":[{"taxonomy":"category","embeddable":true,"href":"https:\/\/www.cs5arla.pt\/site\/wp-json\/wp\/v2\/categories?post=504"},{"taxonomy":"post_tag","embeddable":true,"href":"https:\/\/www.cs5arla.pt\/site\/wp-json\/wp\/v2\/tags?post=504"}],"curies":[{"name":"wp","href":"https:\/\/api.w.org\/{rel}","templated":true}]}}