{"id":559,"date":"2017-11-23T16:33:09","date_gmt":"2017-11-23T16:33:09","guid":{"rendered":"https:\/\/cs5arla.com\/site\/?p=559"},"modified":"2019-03-19T11:30:03","modified_gmt":"2019-03-19T11:30:03","slug":"participacao-na-feira-arvm","status":"publish","type":"post","link":"https:\/\/www.cs5arla.pt\/site\/2017\/11\/23\/participacao-na-feira-arvm\/","title":{"rendered":"Participa\u00e7\u00e3o na Feira da R\u00e1dio da ARVM 2017"},"content":{"rendered":"<p>Caros Colegas,<\/p>\n<p>A Direc\u00e7\u00e3o da \u00a0Associa\u00e7\u00e3o de Radioamadores do Litoral Alentejano &#8211;\u00a0ARLA, informa que respondendo mais uma vez ao atencioso convite que\u00a0lhe foi endere\u00e7ado em tempo oportuno pela Direc\u00e7\u00e3o da Associa\u00e7\u00e3o de\u00a0Radioamadores da Vila de Moscavide &#8211; ARVM, aceitou e vai estar\u00a0presente com uma delega\u00e7\u00e3o com mesa de expositor associativo na\u00a0Exposi\u00e7\u00e3o Feira da Radio da ARVM, no pr\u00f3ximo Domingo, tal como\u00a0aconteceu nas edi\u00e7\u00f5es dos anos transactos.<\/p>\n<p>A Exposi\u00e7\u00e3o Feira da R\u00e1dio ARVM 2017 realiza-se, como habitualmente,\u00a0no Instituto Portugu\u00eas do Desporto e Juventude &#8211; IPDJ na Vila Expo em\u00a0Lisboa. O hor\u00e1rio de funcionamento da feira ser\u00e1 entre as 10:00 e as\u00a017:00 locais.<\/p>\n<p>Relembramos tamb\u00e9m a todos, que este \u00e9 o mais importante certame que\u00a0se realiza anualmente em Portugal nesta \u00e1rea, contando sempre com um\u00a0elevado numero de expositores e visitantes, o que muito honra a ARLA\u00a0estar presentes, j\u00e1 pela quinta vez.<br \/>\nMais informa\u00e7\u00f5es sobre este importante evento, est\u00e3o dispon\u00edveis no\u00a0sitio da Internet da nossa cong\u00e9nere Associa\u00e7\u00e3o<br \/>\nde Radioamadores da Vila de Moscavide &#8211; ARVM em <a href=\"http:\/\/www.arvm.org\/\" target=\"_blank\" rel=\"noreferrer noopener\">www.arvm.org<\/a><\/p>\n<p>Vamos tamb\u00e9m estar representados com o novo log\u00f3tipo da ARLA, que foi\u00a0seleccionado\u00a0entre v\u00e1rios a concurso interno pelos nossos\u00a0associados em 2016.<\/p>\n<p>Iremos tamb\u00e9m ter exposto para revenda, e a pre\u00e7os simb\u00f3licos, algum\u00a0do mais recente Merchandising ARLA com a nova imagem associativa.<\/p>\n<p>Mais uma vez todos os nossos s\u00f3cios que em tempo oportuno fizeram a\u00a0sua encomenda, esta tamb\u00e9m pode ser levantada na mesa da ARLA durante\u00a0a Feira da ARVM<\/p>\n<p>Jo\u00e3o Costa (CT1FBF)<br \/>\nVogal da Direc\u00e7\u00e3o<\/p>\n","protected":false},"excerpt":{"rendered":"<p>Caros Colegas, A Direc\u00e7\u00e3o da \u00a0Associa\u00e7\u00e3o de Radioamadores do Litoral Alentejano &#8211;\u00a0ARLA, informa que respondendo mais uma vez ao atencioso convite que\u00a0lhe foi endere\u00e7ado em tempo oportuno pela Direc\u00e7\u00e3o da Associa\u00e7\u00e3o de\u00a0Radioamadores da Vila de Moscavide &#8211; ARVM, aceitou e vai estar\u00a0presente com uma delega\u00e7\u00e3o com mesa de expositor associativo &hellip;<\/p>\n","protected":false},"author":1,"featured_media":560,"comment_status":"closed","ping_status":"open","sticky":false,"template":"","format":"standard","meta":{"footnotes":""},"categories":[1],"tags":[],"class_list":["post-559","post","type-post","status-publish","format-standard","has-post-thumbnail","hentry","category-geral"],"_links":{"self":[{"href":"https:\/\/www.cs5arla.pt\/site\/wp-json\/wp\/v2\/posts\/559","targetHints":{"allow":["GET"]}}],"collection":[{"href":"https:\/\/www.cs5arla.pt\/site\/wp-json\/wp\/v2\/posts"}],"about":[{"href":"https:\/\/www.cs5arla.pt\/site\/wp-json\/wp\/v2\/types\/post"}],"author":[{"embeddable":true,"href":"https:\/\/www.cs5arla.pt\/site\/wp-json\/wp\/v2\/users\/1"}],"replies":[{"embeddable":true,"href":"https:\/\/www.cs5arla.pt\/site\/wp-json\/wp\/v2\/comments?post=559"}],"version-history":[{"count":3,"href":"https:\/\/www.cs5arla.pt\/site\/wp-json\/wp\/v2\/posts\/559\/revisions"}],"predecessor-version":[{"id":791,"href":"https:\/\/www.cs5arla.pt\/site\/wp-json\/wp\/v2\/posts\/559\/revisions\/791"}],"wp:featuredmedia":[{"embeddable":true,"href":"https:\/\/www.cs5arla.pt\/site\/wp-json\/wp\/v2\/media\/560"}],"wp:attachment":[{"href":"https:\/\/www.cs5arla.pt\/site\/wp-json\/wp\/v2\/media?parent=559"}],"wp:term":[{"taxonomy":"category","embeddable":true,"href":"https:\/\/www.cs5arla.pt\/site\/wp-json\/wp\/v2\/categories?post=559"},{"taxonomy":"post_tag","embeddable":true,"href":"https:\/\/www.cs5arla.pt\/site\/wp-json\/wp\/v2\/tags?post=559"}],"curies":[{"name":"wp","href":"https:\/\/api.w.org\/{rel}","templated":true}]}}