{"id":607,"date":"2018-05-16T09:37:32","date_gmt":"2018-05-16T09:37:32","guid":{"rendered":"https:\/\/cs5arla.com\/site\/?p=607"},"modified":"2018-05-18T08:12:29","modified_gmt":"2018-05-18T08:12:29","slug":"regulamento-geral-de-proteccao-de-dados","status":"publish","type":"post","link":"https:\/\/www.cs5arla.pt\/site\/2018\/05\/16\/regulamento-geral-de-proteccao-de-dados\/","title":{"rendered":"Regulamento Geral de Protec\u00e7\u00e3o de Dados"},"content":{"rendered":"<p>Prezado S\u00f3cio.<\/p>\n<p>O novo Regulamento Geral de Protec\u00e7\u00e3o de Dados (RGPD) da Uni\u00e3o Europeia (UE), que entra em vigor no proximo dia 25 de Maio de 2018, e tem por objetivo refor\u00e7ar as garantias de controlo dos titulares de dados pessoais no que se refere ao tratamento dos mesmos, impondo obriga\u00e7\u00f5es a toda e qualquer organiza\u00e7\u00e3o independentemente do ramo e sector, que realizem opera\u00e7\u00f5es com dados pessoais no \u00e2mbito da sua actividade.<\/p>\n<p>Aplica-se tanto a empresas, mas tamb\u00e9m a qualquer pessoa singular, organiza\u00e7\u00e3o, autoridade p\u00fablica, ag\u00eancia ou outro organismo que proceda ao tratamento de dados de pessoais e que esteja e\/ou fa\u00e7a neg\u00f3cios com a EU. Entra em vigor no dia 25 de maio de 2018 na Uni\u00e3o Europeia (UE) e prevalece sobre quaisquer leis nacionais.<\/p>\n<p>De forma a continuar a trocar informa\u00e7\u00e3o em v\u00e1rias plataformas na internet, bem como participar nas actividades inter-asssocia\u00e7\u00f5es que impliquem o envio e recep\u00e7\u00e3o de informa\u00e7\u00e3o utilizando meios inform\u00e1ticos, recorrendo aos dados pessoais ou institucionais, nomeadamente email, na Associa\u00e7\u00e3o de Radioamadores do Litoral Alentejano &#8211; ARLA necessitamos previamente do seu , livre e espec\u00edfico.<\/p>\n<p>Por esta raz\u00e3o, solicitamos que nos d\u00ea a sua autoriza\u00e7\u00e3o preenchendo o formul\u00e1rio seguinte<\/p>\n<p>Com os nossos mais cordiais cumprimentos,<\/p>\n<p>Jo\u00e3o Costa (CT1FBF)<br \/>\nVogal da Direc\u00e7\u00e3o da ARLA<\/p>\n<p>&nbsp;<\/p>\n<p><a href=\"https:\/\/goo.gl\/forms\/nEnqGinvxSTR69Kq1\" target=\"_blank\" rel=\"noopener\"><strong>https:\/\/goo.gl\/forms\/nEnqGinvxSTR69Kq1<\/strong><\/a><\/p>\n","protected":false},"excerpt":{"rendered":"<p>Prezado S\u00f3cio. O novo Regulamento Geral de Protec\u00e7\u00e3o de Dados (RGPD) da Uni\u00e3o Europeia (UE), que entra em vigor no proximo dia 25 de Maio de 2018, e tem por objetivo refor\u00e7ar as garantias de controlo dos titulares de dados pessoais no que se refere ao tratamento dos mesmos, impondo &hellip;<\/p>\n","protected":false},"author":1,"featured_media":611,"comment_status":"closed","ping_status":"open","sticky":false,"template":"","format":"standard","meta":{"footnotes":""},"categories":[1],"tags":[],"class_list":["post-607","post","type-post","status-publish","format-standard","has-post-thumbnail","hentry","category-geral"],"_links":{"self":[{"href":"https:\/\/www.cs5arla.pt\/site\/wp-json\/wp\/v2\/posts\/607","targetHints":{"allow":["GET"]}}],"collection":[{"href":"https:\/\/www.cs5arla.pt\/site\/wp-json\/wp\/v2\/posts"}],"about":[{"href":"https:\/\/www.cs5arla.pt\/site\/wp-json\/wp\/v2\/types\/post"}],"author":[{"embeddable":true,"href":"https:\/\/www.cs5arla.pt\/site\/wp-json\/wp\/v2\/users\/1"}],"replies":[{"embeddable":true,"href":"https:\/\/www.cs5arla.pt\/site\/wp-json\/wp\/v2\/comments?post=607"}],"version-history":[{"count":6,"href":"https:\/\/www.cs5arla.pt\/site\/wp-json\/wp\/v2\/posts\/607\/revisions"}],"predecessor-version":[{"id":616,"href":"https:\/\/www.cs5arla.pt\/site\/wp-json\/wp\/v2\/posts\/607\/revisions\/616"}],"wp:featuredmedia":[{"embeddable":true,"href":"https:\/\/www.cs5arla.pt\/site\/wp-json\/wp\/v2\/media\/611"}],"wp:attachment":[{"href":"https:\/\/www.cs5arla.pt\/site\/wp-json\/wp\/v2\/media?parent=607"}],"wp:term":[{"taxonomy":"category","embeddable":true,"href":"https:\/\/www.cs5arla.pt\/site\/wp-json\/wp\/v2\/categories?post=607"},{"taxonomy":"post_tag","embeddable":true,"href":"https:\/\/www.cs5arla.pt\/site\/wp-json\/wp\/v2\/tags?post=607"}],"curies":[{"name":"wp","href":"https:\/\/api.w.org\/{rel}","templated":true}]}}