{"id":617,"date":"2018-05-21T08:37:02","date_gmt":"2018-05-21T08:37:02","guid":{"rendered":"https:\/\/cs5arla.com\/site\/?p=617"},"modified":"2019-03-19T11:26:45","modified_gmt":"2019-03-19T11:26:45","slug":"demolicao-da-torre-santiago-do-cacem","status":"publish","type":"post","link":"https:\/\/www.cs5arla.pt\/site\/2018\/05\/21\/demolicao-da-torre-santiago-do-cacem\/","title":{"rendered":"Demoli\u00e7\u00e3o da torre em Aldeia dos Ch\u00e3os"},"content":{"rendered":"<div>Caros colegas<\/div>\n<div>As esta\u00e7\u00f5es repetidoras, assim como as esta\u00e7\u00f5es radiobalizas e APRS, instaladas em Aldeia dos Ch\u00e3os, Santiago do Cac\u00e9m, encontram-se fora de servi\u00e7o por algum tempo que ser\u00e1 t\u00e3o breve quanto poss\u00edvel. Tal facto deve-se \u00e0 substitui\u00e7\u00e3o da torre da ARLA que sustentava as antenas deste site. A torre antiga foi hoje, dia 19 de Maio 2018 demolida, pelo grupo de associados, Carlos Mourato, CT4RK, Fernando CT2GXB, S\u00e9rgio CT5KJX, e pelos colega jo\u00e3o CS7AMP (N\u00e3o s\u00f3cio) contando ainda com a important\u00edssima ajuda do Sr Jo\u00e3o Cruz, (n\u00e3o s\u00f3cio e n\u00e3o radioamador) que juntamente com o nosso associado S\u00e9rgio CT5KJX com forma\u00e7\u00e3o em trabalhos em altura, procederam ao trabalho de remo\u00e7\u00e3o das antenas e cabos, assim como ao trabalho de desmontagem em altura da torre antiga.<\/div>\n<div>A Direc\u00e7\u00e3o da ARLA, atrav\u00e9s do seu Presidente, Carlos Mourato CT4RK, agradece aos participantes neste important\u00edssimo e arriscado trabalho, que gra\u00e7as ao empenho total de todos os envolvidos, foi levado a bom termo em apenas um dia, sem que tivessem acontecido acidentes ou imprevistos que pudessem colocar em causa a seguran\u00e7a de pessoas e bens. No fim do dia, estavam todos compreensivelmente cansados, mas com o esp\u00edrito cheio de satisfa\u00e7\u00e3o, por terem cumprido mais uma miss\u00e3o ao servi\u00e7o de todos.<\/div>\n<div><\/div>\n<div>73 de Carlos Mourato\u00a0 \u00a0CT4RK<\/div>\n<div><\/div>\n<div>\n<p><img loading=\"lazy\" decoding=\"async\" class=\"wp-image-543 alignleft\" src=\"https:\/\/arla.org.pt\/site\/wp-content\/uploads\/torre\/12.jpg\" alt=\"\" width=\"328\" height=\"184\" \/><\/p>\n<p><img loading=\"lazy\" decoding=\"async\" class=\"wp-image-534 alignright\" src=\"https:\/\/arla.org.pt\/site\/wp-content\/uploads\/torre\/22.jpg\" alt=\"\" width=\"327\" height=\"185\" \/><\/p>\n<\/div>\n<div style=\"text-align: center;\">\n<div style=\"width: 640px;\" class=\"wp-video\"><!--[if lt IE 9]><script>document.createElement('video');<\/script><![endif]-->\n<video class=\"wp-video-shortcode\" id=\"video-617-1\" width=\"640\" height=\"360\" preload=\"auto\" controls=\"controls\"><source type=\"video\/mp4\" src=\"https:\/\/arla.org.pt\/site\/wp-content\/uploads\/torre\/14.mp4?_=1\" \/><a href=\"https:\/\/arla.org.pt\/site\/wp-content\/uploads\/torre\/14.mp4\">https:\/\/arla.org.pt\/site\/wp-content\/uploads\/torre\/14.mp4<\/a><\/video><\/div>\n<p>ver a publica\u00e7\u00e3o permanente em Torre aldeia dos Ch\u00e3os<\/p>\n<p>(brevemente a ser publicado)<\/p>\n<\/div>\n","protected":false},"excerpt":{"rendered":"<p>Caros colegas As esta\u00e7\u00f5es repetidoras, assim como as esta\u00e7\u00f5es radiobalizas e APRS, instaladas em Aldeia dos Ch\u00e3os, Santiago do Cac\u00e9m, encontram-se fora de servi\u00e7o por algum tempo que ser\u00e1 t\u00e3o breve quanto poss\u00edvel. Tal facto deve-se \u00e0 substitui\u00e7\u00e3o da torre da ARLA que sustentava as antenas deste site. A torre &hellip;<\/p>\n","protected":false},"author":1,"featured_media":624,"comment_status":"closed","ping_status":"open","sticky":false,"template":"","format":"standard","meta":{"footnotes":""},"categories":[1],"tags":[],"class_list":["post-617","post","type-post","status-publish","format-standard","has-post-thumbnail","hentry","category-geral"],"_links":{"self":[{"href":"https:\/\/www.cs5arla.pt\/site\/wp-json\/wp\/v2\/posts\/617","targetHints":{"allow":["GET"]}}],"collection":[{"href":"https:\/\/www.cs5arla.pt\/site\/wp-json\/wp\/v2\/posts"}],"about":[{"href":"https:\/\/www.cs5arla.pt\/site\/wp-json\/wp\/v2\/types\/post"}],"author":[{"embeddable":true,"href":"https:\/\/www.cs5arla.pt\/site\/wp-json\/wp\/v2\/users\/1"}],"replies":[{"embeddable":true,"href":"https:\/\/www.cs5arla.pt\/site\/wp-json\/wp\/v2\/comments?post=617"}],"version-history":[{"count":10,"href":"https:\/\/www.cs5arla.pt\/site\/wp-json\/wp\/v2\/posts\/617\/revisions"}],"predecessor-version":[{"id":784,"href":"https:\/\/www.cs5arla.pt\/site\/wp-json\/wp\/v2\/posts\/617\/revisions\/784"}],"wp:featuredmedia":[{"embeddable":true,"href":"https:\/\/www.cs5arla.pt\/site\/wp-json\/wp\/v2\/media\/624"}],"wp:attachment":[{"href":"https:\/\/www.cs5arla.pt\/site\/wp-json\/wp\/v2\/media?parent=617"}],"wp:term":[{"taxonomy":"category","embeddable":true,"href":"https:\/\/www.cs5arla.pt\/site\/wp-json\/wp\/v2\/categories?post=617"},{"taxonomy":"post_tag","embeddable":true,"href":"https:\/\/www.cs5arla.pt\/site\/wp-json\/wp\/v2\/tags?post=617"}],"curies":[{"name":"wp","href":"https:\/\/api.w.org\/{rel}","templated":true}]}}