{"id":770,"date":"2019-01-27T10:54:31","date_gmt":"2019-01-27T10:54:31","guid":{"rendered":"https:\/\/arla.org.pt\/site\/?p=770"},"modified":"2019-03-21T14:55:46","modified_gmt":"2019-03-21T14:55:46","slug":"instalacoes-em-aldeia-dos-chaos-4","status":"publish","type":"post","link":"https:\/\/www.cs5arla.pt\/site\/2019\/01\/27\/instalacoes-em-aldeia-dos-chaos-4\/","title":{"rendered":"Instala\u00e7\u00f5es em Aldeia dos Ch\u00e3os"},"content":{"rendered":"<p>Estimados associados e amigos,<br \/>\nCom a instala\u00e7\u00e3o de uma l\u00e2mpada de balizamento luminoso no alto da torre, e com a instala\u00e7\u00e3o de um sistema de interruptor crespuscular, que acende ao mesmo tempo uma l\u00e2mpada de presen\u00e7a na porta do contentor dos r\u00e1dios, deu-se ,mais um passo na renova\u00e7\u00e3o do site de Aldeia dos Ch\u00e3os. Foi tambem instalada uma veda\u00e7\u00e3o em rede electrosoldada, sustentada por postes de ferro com 2m de altura, faltando concluir a instala\u00e7\u00e3o do port\u00e3o de acesso \u00e0 zona da torre.<br \/>\n<span class=\"text_exposed_show\">Desta feita, a nossa torre, cumpre com as normas do INAC, contidas na info 10\/03 de 6 de Maio, no que respeita ao balizamento luminoso de obst\u00e1culos \u00e0 navega\u00e7\u00e3o a\u00e9rea. A baliza luminosa \u00e9 composta por uma l\u00e2mpada LED de 1100 lumens de 10W de pot\u00eancia de marca OSRAM (comprou-se desta marca por cumprir com as normas EMI EU.) A baliza luminosa \u00e9 do tipo certificada para uso aeroportu\u00e1rio, constituida por um corpo estanque de lat\u00e3o, e uma ampola em vidro vermelho de 5mm de espessura, protegida por uma grelha de lat\u00e3o. Foi instalado um interruptor crespuscular, para control da baliza luminosa e de uma lamp\u00e2da de presen\u00e7a, tambem a LED com 4W de potencia 350 lumens, que est\u00e1 instalada por cima da porta do contentor.<br \/>\nA baliza luminosa \u00e9 nova, e foi gentilmente oferecida pelo colega Rog\u00e9rio Freitas, CT2JCL.<br \/>\nDesta feita e porque fomos abordados informalmente pela protec\u00e7\u00e3o Civil de Santiago do Cacem, acerca do estabelecimento de ilumina\u00e7\u00e3o na torre da ARLA, esta ser\u00e1 informada pelas vias oficiais do cumprimento desta norma de seguran\u00e7a, esperando que os demais detentores de torres da zona cumpram como a ARLA as normas vigentes. Somos uma Associa\u00e7\u00e3o de parcos recursos, mas n\u00e3o ser\u00e1 isso desculpa para que n\u00e3o cumpramos com toda a seguran\u00e7a exigida. Por isso mesmo, vesti a camisola da substitui\u00e7\u00e3o da torre e da renova\u00e7\u00e3o das condi\u00e7\u00f5es do site de Aldeia dos Ch\u00e3os.<\/span><\/p>\n<div class=\"text_exposed_show\">\n<p>Pela ARLA<br \/>\nPresidente da Direc\u00e7\u00e3o<br \/>\nCarlos Mourato CT4RK<\/p>\n\t\t<div id=\"serious-slider-20-rnd2733\" class=\"cryout-serious-slider seriousslider serious-slider-20-rnd2733 cryout-serious-slider-20 seriousslider-overlay1 seriousslider-light seriousslider-shadow-none seriousslider-responsive-maintain seriousslider-hidetitles-0 seriousslider-slide seriousslider-sizing0 seriousslider-aligncenter seriousslider-caption-animation-slide seriousslider-textstyle-textshadow\" data-ride=\"seriousslider\">\n\t\t\t<div class=\"seriousslider-inner\" role=\"listbox\">\n\n\t\t\t\n\t\t\t<div class=\"item slide-1 active\" role=\"option\">\n\t\t\t\t\t\t\t\t<a  >\n\t\t\t\t\t<img decoding=\"async\" class=\"item-image\" src=\"https:\/\/www.cs5arla.pt\/site\/wp-content\/uploads\/20190127_Torre_ARLA-1.jpg\" alt=\"20190127_Torre_ARLA (1)\" >\n\t\t\t\t<\/a>\n\t\t\t\t\t\t\t\t\t\t\t\t<div class=\"seriousslider-caption\">\n\t\t\t\t\t<div class=\"seriousslider-caption-inside\">\n\t\t\t\t\t\t<div class=\"seriousslider-caption-title\"><span>20190127_Torre_ARLA (1)<\/span><\/div>\t\t\t\t\t\t\t\t\t\t\t\t<div class=\"seriousslider-caption-buttons\">\n\t\t\t\t\t\t\t\t\t\t\t\t\t\t\t\t\t\t\t\t\t\t\t\t\t\t\t\t\t\t\t\t\t\t\t\t\t\t\t\t\t\t\t<\/div>\n\t\t\t\t\t<\/div><!--seriousslider-caption-inside-->\n\t\t\t\t<\/div><!--seriousslider-caption-->\n\t\t\t\t\t\t\t\t<div class=\"seriousslider-hloader\"><\/div>\n\t\t\t\t<figure class=\"seriousslider-cloader\">\n\t\t\t\t\t<svg width=\"200\" height=\"200\">\n\t\t\t\t\t\t<circle cx=\"95\" cy=\"95\" r=\"20\" transform=\"rotate(-90, 95, 95)\"\/>\n\t\t\t\t\t<\/svg>\n\t\t\t  <\/figure>\n\t\t\t<\/div>\n\n\t\t\t\n\t\t\t<div class=\"item slide-2 \" role=\"option\">\n\t\t\t\t\t\t\t\t<a  >\n\t\t\t\t\t<img decoding=\"async\" class=\"item-image\" src=\"https:\/\/www.cs5arla.pt\/site\/wp-content\/uploads\/20190127_Torre_ARLA-2.jpg\" alt=\"20190127_Torre_ARLA (2)\" >\n\t\t\t\t<\/a>\n\t\t\t\t\t\t\t\t\t\t\t\t<div class=\"seriousslider-caption\">\n\t\t\t\t\t<div class=\"seriousslider-caption-inside\">\n\t\t\t\t\t\t<div class=\"seriousslider-caption-title\"><span>20190127_Torre_ARLA (2)<\/span><\/div>\t\t\t\t\t\t\t\t\t\t\t\t<div class=\"seriousslider-caption-buttons\">\n\t\t\t\t\t\t\t\t\t\t\t\t\t\t\t\t\t\t\t\t\t\t\t\t\t\t\t\t\t\t\t\t\t\t\t\t\t\t\t\t\t\t\t<\/div>\n\t\t\t\t\t<\/div><!--seriousslider-caption-inside-->\n\t\t\t\t<\/div><!--seriousslider-caption-->\n\t\t\t\t\t\t\t\t<div class=\"seriousslider-hloader\"><\/div>\n\t\t\t\t<figure class=\"seriousslider-cloader\">\n\t\t\t\t\t<svg width=\"200\" height=\"200\">\n\t\t\t\t\t\t<circle cx=\"95\" cy=\"95\" r=\"20\" transform=\"rotate(-90, 95, 95)\"\/>\n\t\t\t\t\t<\/svg>\n\t\t\t  <\/figure>\n\t\t\t<\/div>\n\n\t\t\t\n\t\t\t<div class=\"item slide-3 \" role=\"option\">\n\t\t\t\t\t\t\t\t<a  >\n\t\t\t\t\t<img decoding=\"async\" class=\"item-image\" src=\"https:\/\/www.cs5arla.pt\/site\/wp-content\/uploads\/20190127_Torre_ARLA-3.jpg\" alt=\"20190127_Torre_ARLA (3)\" >\n\t\t\t\t<\/a>\n\t\t\t\t\t\t\t\t\t\t\t\t<div class=\"seriousslider-caption\">\n\t\t\t\t\t<div class=\"seriousslider-caption-inside\">\n\t\t\t\t\t\t<div class=\"seriousslider-caption-title\"><span>20190127_Torre_ARLA (3)<\/span><\/div>\t\t\t\t\t\t\t\t\t\t\t\t<div class=\"seriousslider-caption-buttons\">\n\t\t\t\t\t\t\t\t\t\t\t\t\t\t\t\t\t\t\t\t\t\t\t\t\t\t\t\t\t\t\t\t\t\t\t\t\t\t\t\t\t\t\t<\/div>\n\t\t\t\t\t<\/div><!--seriousslider-caption-inside-->\n\t\t\t\t<\/div><!--seriousslider-caption-->\n\t\t\t\t\t\t\t\t<div class=\"seriousslider-hloader\"><\/div>\n\t\t\t\t<figure class=\"seriousslider-cloader\">\n\t\t\t\t\t<svg width=\"200\" height=\"200\">\n\t\t\t\t\t\t<circle cx=\"95\" cy=\"95\" r=\"20\" transform=\"rotate(-90, 95, 95)\"\/>\n\t\t\t\t\t<\/svg>\n\t\t\t  <\/figure>\n\t\t\t<\/div>\n\n\t\t\t\t\t\t<\/div>\n\n\t\t\t<div class=\"seriousslider-indicators\">\n\t\t\t\t<ol class=\"seriousslider-indicators-inside\">\n\t\t\t\t\t\t\t\t\t\t<li data-target=\"#serious-slider-20-rnd2733\" data-slide-to=\"0\" class=\"active\"><\/li>\n\t\t\t\t\t\t\t\t\t\t<li data-target=\"#serious-slider-20-rnd2733\" data-slide-to=\"1\" ><\/li>\n\t\t\t\t\t\t\t\t\t\t<li data-target=\"#serious-slider-20-rnd2733\" data-slide-to=\"2\" ><\/li>\n\t\t\t\t\t\t\t\t\t<\/ol>\n\t\t\t<\/div>\n\n\t\t\t<button class=\"left seriousslider-control\" data-target=\"#serious-slider-20-rnd2733\" role=\"button\" data-slide=\"prev\">\n\t\t\t  <span class=\"sicon-prev control-arrow\" aria-hidden=\"true\"><\/span>\n\t\t\t  <span class=\"sr-only\">Previous Slide<\/span>\n\t\t\t<\/button>\n\t\t\t<button class=\"right seriousslider-control\" data-target=\"#serious-slider-20-rnd2733\" role=\"button\" data-slide=\"next\">\n\t\t\t  <span class=\"sicon-next control-arrow\" aria-hidden=\"true\"><\/span>\n\t\t\t  <span class=\"sr-only\">Next Slide<\/span>\n\t\t\t<\/button>\n\t\t<\/div>\n\t\t\n<\/div>\n","protected":false},"excerpt":{"rendered":"<p>Estimados associados e amigos, Com a instala\u00e7\u00e3o de uma l\u00e2mpada de balizamento luminoso no alto da torre, e com a instala\u00e7\u00e3o de um sistema de interruptor crespuscular, que acende ao mesmo tempo uma l\u00e2mpada de presen\u00e7a na porta do contentor dos r\u00e1dios, deu-se ,mais um passo na renova\u00e7\u00e3o do site &hellip;<\/p>\n","protected":false},"author":1,"featured_media":773,"comment_status":"closed","ping_status":"open","sticky":false,"template":"","format":"standard","meta":{"footnotes":""},"categories":[1],"tags":[],"class_list":["post-770","post","type-post","status-publish","format-standard","has-post-thumbnail","hentry","category-geral"],"_links":{"self":[{"href":"https:\/\/www.cs5arla.pt\/site\/wp-json\/wp\/v2\/posts\/770","targetHints":{"allow":["GET"]}}],"collection":[{"href":"https:\/\/www.cs5arla.pt\/site\/wp-json\/wp\/v2\/posts"}],"about":[{"href":"https:\/\/www.cs5arla.pt\/site\/wp-json\/wp\/v2\/types\/post"}],"author":[{"embeddable":true,"href":"https:\/\/www.cs5arla.pt\/site\/wp-json\/wp\/v2\/users\/1"}],"replies":[{"embeddable":true,"href":"https:\/\/www.cs5arla.pt\/site\/wp-json\/wp\/v2\/comments?post=770"}],"version-history":[{"count":3,"href":"https:\/\/www.cs5arla.pt\/site\/wp-json\/wp\/v2\/posts\/770\/revisions"}],"predecessor-version":[{"id":853,"href":"https:\/\/www.cs5arla.pt\/site\/wp-json\/wp\/v2\/posts\/770\/revisions\/853"}],"wp:featuredmedia":[{"embeddable":true,"href":"https:\/\/www.cs5arla.pt\/site\/wp-json\/wp\/v2\/media\/773"}],"wp:attachment":[{"href":"https:\/\/www.cs5arla.pt\/site\/wp-json\/wp\/v2\/media?parent=770"}],"wp:term":[{"taxonomy":"category","embeddable":true,"href":"https:\/\/www.cs5arla.pt\/site\/wp-json\/wp\/v2\/categories?post=770"},{"taxonomy":"post_tag","embeddable":true,"href":"https:\/\/www.cs5arla.pt\/site\/wp-json\/wp\/v2\/tags?post=770"}],"curies":[{"name":"wp","href":"https:\/\/api.w.org\/{rel}","templated":true}]}}